{"id":195,"date":"2021-09-02T20:50:20","date_gmt":"2021-09-02T20:50:20","guid":{"rendered":"https:\/\/eddiemora.com\/?p=195"},"modified":"2021-09-02T20:55:33","modified_gmt":"2021-09-02T20:55:33","slug":"costa-rica-bicentenaria","status":"publish","type":"post","link":"https:\/\/eddiemora.com\/en\/costa-rica-bicentenaria\/","title":{"rendered":"Costa Rica Bicentenaria"},"content":{"rendered":"<p>La actividad servir\u00e1 adem\u00e1s para presentar el disco f\u00edsico <em>\u00abCosta Rica Bicentenaria\u00bb<\/em>, el cual celebra los 200 a\u00f1os de independencia con m\u00fasica exclusivamente costarricense, en un pre\u00e1mbulo de la celebraci\u00f3n de seis d\u00e9cadas de m\u00fasica de la OSH.<\/p>\n\n\n\n<p>Todas las obras presentadas en este disco fueron revisadas, transcritas y arregladas por el compositor Vladislav Soifer por comisi\u00f3n de la OSH. El disco incluye las obras: <em>M\u00fasica de Sal\u00f3n de Costa Rica<\/em>, de Francisco Alvarado &amp; Gilberto Murillo; <em>Fantas\u00eda Costarricense<\/em>, <em>Marcha Heredia<\/em> and <em>Tango Clemencia,<\/em> de Julio Fonseca; <em>Melod\u00edas Heredianas<\/em>, de Luis Fernando Rodr\u00edguez &amp; V\u00edctor Hugo Zamora; y la <em>Patri\u00f3tica Costarricense<\/em>, de Manuel Mar\u00eda Guti\u00e9rrez.<\/p>\n\n\n\n<p>\u201cLa Orquesta Sinf\u00f3nica de Heredia se complace en presentar <em>Costa Rica Bicentenaria<\/em>, un tributo a los 200 a\u00f1os de independencia de nuestro pa\u00eds. Nos unimos as\u00ed a esta festividad hist\u00f3rica con m\u00fasica y m\u00fasicos costarricenses, incluyendo algunas de las melod\u00edas m\u00e1s famosas de nuestra naci\u00f3n y otras que se han renovado para celebrar el siglo XXI con un nuevo esp\u00edritu\u201d, destac\u00f3 su director titular, Eddie Mora.<\/p>","protected":false},"excerpt":{"rendered":"<p>La actividad servir\u00e1 adem\u00e1s para presentar el disco f\u00edsico \u00abCosta Rica Bicentenaria\u00bb, el cual celebra los 200 a\u00f1os de independencia con m\u00fasica exclusivamente costarricense, en un pre\u00e1mbulo de la celebraci\u00f3n de seis d\u00e9cadas de m\u00fasica de la OSH. Todas las obras presentadas en este disco fueron revisadas, transcritas y arregladas por el compositor Vladislav Soifer [&hellip;]<\/p>","protected":false},"author":1,"featured_media":198,"comment_status":"open","ping_status":"open","sticky":false,"template":"","format":"standard","meta":{"footnotes":""},"categories":[3],"tags":[],"class_list":["post-195","post","type-post","status-publish","format-standard","has-post-thumbnail","hentry","category-setiembre-2021"],"_links":{"self":[{"href":"https:\/\/eddiemora.com\/en\/wp-json\/wp\/v2\/posts\/195","targetHints":{"allow":["GET"]}}],"collection":[{"href":"https:\/\/eddiemora.com\/en\/wp-json\/wp\/v2\/posts"}],"about":[{"href":"https:\/\/eddiemora.com\/en\/wp-json\/wp\/v2\/types\/post"}],"author":[{"embeddable":true,"href":"https:\/\/eddiemora.com\/en\/wp-json\/wp\/v2\/users\/1"}],"replies":[{"embeddable":true,"href":"https:\/\/eddiemora.com\/en\/wp-json\/wp\/v2\/comments?post=195"}],"version-history":[{"count":0,"href":"https:\/\/eddiemora.com\/en\/wp-json\/wp\/v2\/posts\/195\/revisions"}],"wp:featuredmedia":[{"embeddable":true,"href":"https:\/\/eddiemora.com\/en\/wp-json\/wp\/v2\/media\/198"}],"wp:attachment":[{"href":"https:\/\/eddiemora.com\/en\/wp-json\/wp\/v2\/media?parent=195"}],"wp:term":[{"taxonomy":"category","embeddable":true,"href":"https:\/\/eddiemora.com\/en\/wp-json\/wp\/v2\/categories?post=195"},{"taxonomy":"post_tag","embeddable":true,"href":"https:\/\/eddiemora.com\/en\/wp-json\/wp\/v2\/tags?post=195"}],"curies":[{"name":"wp","href":"https:\/\/api.w.org\/{rel}","templated":true}]}}