{"id":203,"date":"2021-09-02T20:55:21","date_gmt":"2021-09-02T20:55:21","guid":{"rendered":"https:\/\/eddiemora.com\/?p=203"},"modified":"2021-09-02T21:01:21","modified_gmt":"2021-09-02T21:01:21","slug":"sinfonica-de-heredia-celebra-seis-decadas-de-musica","status":"publish","type":"post","link":"https:\/\/eddiemora.com\/en\/sinfonica-de-heredia-celebra-seis-decadas-de-musica\/","title":{"rendered":"Sinf\u00f3nica de Heredia celebra seis d\u00e9cadas de m\u00fasica"},"content":{"rendered":"<p>La OSH se vestir\u00e1 de fiesta con la presentaci\u00f3n de la Temporada 2022: <em>60-OSH.<\/em><\/p>\n\n\n\n<p>La celebraci\u00f3n de los 60 a\u00f1os de fundaci\u00f3n de la Orquesta Sinf\u00f3nica de Heredia arrancar\u00e1 con el anuncio de la Temporada 2022 el pr\u00f3ximo jueves 9 de setiembre a las 11 a.m. por el Facebook de la OSH y del Teatro Nacional, en transmisi\u00f3n en vivo desde el Foyer del Teatro Nacional de Costa Rica.<\/p>\n\n\n\n<p>La Temporada 2022 incluye siete conciertos virtuales a lo largo del a\u00f1o, con la participaci\u00f3n de artistas costarricenses e internacionales, quienes se unir\u00e1n a las celebraciones del 60 Aniversario de la OSH.&nbsp;<\/p>\n\n\n\n<p>M\u00fasicos de la talla del Cuarteto White (M\u00e9xico), Lux Nova D\u00fao (Alemania &#8211; Per\u00fa), el Cuarteto de Guitarras de Costa Rica, Alejandro G\u00f3mez (Costa Rica), Erasmo Solerti (Costa Rica), Fernando Mu\u00f1oz (Cuba-Costa Rica) y Leonardo Gell (Cuba-Costa Rica) ser\u00e1n los solistas invitados al cumplea\u00f1os de la Sinf\u00f3nica de Heredia.<\/p>\n\n\n\n<p>Adem\u00e1s, la OSH tendr\u00e1 el honor de contar con la directora espa\u00f1ola, radicada en Alemania, Mercedes D\u00edaz Garc\u00eda, as\u00ed como al director estadounidense Timothy Weiss, director del Ensamble Contempor\u00e1neo del prestigioso Conservatorio de Oberlin en Boston, como invitados a celebrar seis d\u00e9cadas de m\u00fasica con sello herediano.<\/p>\n\n\n\n<p>La Temporada 60-OSH se mantendr\u00e1 fiel al estilo del ensamble, al incluir estrenos nacionales y mundiales de Austria, Alemania, Polonia, Estonia, Francia, Rusia, Estados Unidos, Cuba, Rep\u00fablica Dominicana, Colombia, Chile, y por supuesto, de Costa Rica.<\/p>\n\n\n\n<p>Monserrat Cordero<\/p>\n\n\n\n<p>Comunicaci\u00f3n OSH<\/p>\n\n\n\n<p><a href=\"mailto:prensa.osh@gmail.com\">prensa.osh@gmail.com<\/a><\/p>","protected":false},"excerpt":{"rendered":"<p>La OSH se vestir\u00e1 de fiesta con la presentaci\u00f3n de la Temporada 2022: 60-OSH. La celebraci\u00f3n de los 60 a\u00f1os de fundaci\u00f3n de la Orquesta Sinf\u00f3nica de Heredia arrancar\u00e1 con el anuncio de la Temporada 2022 el pr\u00f3ximo jueves 9 de setiembre a las 11 a.m. por el Facebook de la OSH y del Teatro [&hellip;]<\/p>","protected":false},"author":1,"featured_media":204,"comment_status":"open","ping_status":"open","sticky":false,"template":"","format":"standard","meta":{"footnotes":""},"categories":[3],"tags":[],"class_list":["post-203","post","type-post","status-publish","format-standard","has-post-thumbnail","hentry","category-setiembre-2021"],"_links":{"self":[{"href":"https:\/\/eddiemora.com\/en\/wp-json\/wp\/v2\/posts\/203","targetHints":{"allow":["GET"]}}],"collection":[{"href":"https:\/\/eddiemora.com\/en\/wp-json\/wp\/v2\/posts"}],"about":[{"href":"https:\/\/eddiemora.com\/en\/wp-json\/wp\/v2\/types\/post"}],"author":[{"embeddable":true,"href":"https:\/\/eddiemora.com\/en\/wp-json\/wp\/v2\/users\/1"}],"replies":[{"embeddable":true,"href":"https:\/\/eddiemora.com\/en\/wp-json\/wp\/v2\/comments?post=203"}],"version-history":[{"count":0,"href":"https:\/\/eddiemora.com\/en\/wp-json\/wp\/v2\/posts\/203\/revisions"}],"wp:featuredmedia":[{"embeddable":true,"href":"https:\/\/eddiemora.com\/en\/wp-json\/wp\/v2\/media\/204"}],"wp:attachment":[{"href":"https:\/\/eddiemora.com\/en\/wp-json\/wp\/v2\/media?parent=203"}],"wp:term":[{"taxonomy":"category","embeddable":true,"href":"https:\/\/eddiemora.com\/en\/wp-json\/wp\/v2\/categories?post=203"},{"taxonomy":"post_tag","embeddable":true,"href":"https:\/\/eddiemora.com\/en\/wp-json\/wp\/v2\/tags?post=203"}],"curies":[{"name":"wp","href":"https:\/\/api.w.org\/{rel}","templated":true}]}}